{"id":918,"date":"2019-06-09T15:45:29","date_gmt":"2019-06-09T13:45:29","guid":{"rendered":"https:\/\/mariuszryz.pl\/?p=918"},"modified":"2019-06-09T15:50:10","modified_gmt":"2019-06-09T13:50:10","slug":"maraton-mtb-wsrod-lasow-2019","status":"publish","type":"post","link":"https:\/\/mariuszryz.pl\/index.php\/2019\/06\/09\/maraton-mtb-wsrod-lasow-2019\/","title":{"rendered":"Maraton MTB W\u015br\u00f3d Las\u00f3w 2019"},"content":{"rendered":"<p>Dzi\u0119ki organizatorowi ka\u017cdy z zawodnik\u00f3w b\u0119dzie m\u00f3g\u0142 pobra\u0107 wszystkie swoje zdj\u0119cia<\/p>\n<p>Aktualnie trwa przetwarzanie zdj\u0119\u0107<\/p>\n<p><a href=\"https:\/\/mariuszryz.pl\/wp-content\/uploads\/2019\/06\/logo3283-1.png\"><img loading=\"lazy\" decoding=\"async\" class=\"alignnone  wp-image-922\" src=\"https:\/\/mariuszryz.pl\/wp-content\/uploads\/2019\/06\/logo3283-1.png\" alt=\"\" width=\"432\" height=\"228\" srcset=\"https:\/\/mariuszryz.pl\/wp-content\/uploads\/2019\/06\/logo3283-1.png 1113w, https:\/\/mariuszryz.pl\/wp-content\/uploads\/2019\/06\/logo3283-1-300x158.png 300w, https:\/\/mariuszryz.pl\/wp-content\/uploads\/2019\/06\/logo3283-1-768x404.png 768w, https:\/\/mariuszryz.pl\/wp-content\/uploads\/2019\/06\/logo3283-1-1024x539.png 1024w, https:\/\/mariuszryz.pl\/wp-content\/uploads\/2019\/06\/logo3283-1-708x373.png 708w, https:\/\/mariuszryz.pl\/wp-content\/uploads\/2019\/06\/logo3283-1-427x225.png 427w, https:\/\/mariuszryz.pl\/wp-content\/uploads\/2019\/06\/logo3283-1-350x184.png 350w, https:\/\/mariuszryz.pl\/wp-content\/uploads\/2019\/06\/logo3283-1-600x316.png 600w, https:\/\/mariuszryz.pl\/wp-content\/uploads\/2019\/06\/logo3283-1-280x147.png 280w\" sizes=\"auto, (max-width: 432px) 100vw, 432px\" \/><\/a><\/p>\n<p><a href=\"https:\/\/www.facebook.com\/events\/858372991161121\/\">Link do wydarzenia na Facebook<\/a>&#8211; kliknij!<\/p>\n<p>&nbsp;<\/p>\n","protected":false},"excerpt":{"rendered":"<p>Dzi\u0119ki organizatorowi ka\u017cdy z zawodnik\u00f3w b\u0119dzie m\u00f3g\u0142 pobra\u0107 wszystkie swoje zdj\u0119cia Aktualnie trwa przetwarzanie zdj\u0119\u0107 Link do wydarzenia na Facebook&#8211; kliknij! &nbsp;<\/p>\n","protected":false},"author":1,"featured_media":0,"comment_status":"closed","ping_status":"closed","sticky":false,"template":"","format":"standard","meta":{"footnotes":""},"categories":[9],"tags":[],"class_list":["post-918","post","type-post","status-publish","format-standard","hentry","category-event"],"_links":{"self":[{"href":"https:\/\/mariuszryz.pl\/index.php\/wp-json\/wp\/v2\/posts\/918","targetHints":{"allow":["GET"]}}],"collection":[{"href":"https:\/\/mariuszryz.pl\/index.php\/wp-json\/wp\/v2\/posts"}],"about":[{"href":"https:\/\/mariuszryz.pl\/index.php\/wp-json\/wp\/v2\/types\/post"}],"author":[{"embeddable":true,"href":"https:\/\/mariuszryz.pl\/index.php\/wp-json\/wp\/v2\/users\/1"}],"replies":[{"embeddable":true,"href":"https:\/\/mariuszryz.pl\/index.php\/wp-json\/wp\/v2\/comments?post=918"}],"version-history":[{"count":2,"href":"https:\/\/mariuszryz.pl\/index.php\/wp-json\/wp\/v2\/posts\/918\/revisions"}],"predecessor-version":[{"id":923,"href":"https:\/\/mariuszryz.pl\/index.php\/wp-json\/wp\/v2\/posts\/918\/revisions\/923"}],"wp:attachment":[{"href":"https:\/\/mariuszryz.pl\/index.php\/wp-json\/wp\/v2\/media?parent=918"}],"wp:term":[{"taxonomy":"category","embeddable":true,"href":"https:\/\/mariuszryz.pl\/index.php\/wp-json\/wp\/v2\/categories?post=918"},{"taxonomy":"post_tag","embeddable":true,"href":"https:\/\/mariuszryz.pl\/index.php\/wp-json\/wp\/v2\/tags?post=918"}],"curies":[{"name":"wp","href":"https:\/\/api.w.org\/{rel}","templated":true}]}}